{"id":1879,"date":"2023-11-15T15:51:26","date_gmt":"2023-11-15T15:51:26","guid":{"rendered":"https:\/\/swissmedmusica.ch\/?p=1879"},"modified":"2023-11-15T16:06:55","modified_gmt":"2023-11-15T16:06:55","slug":"aufbruchstimmung-am-gesundheitstag-musik","status":"publish","type":"post","link":"https:\/\/swissmedmusica.ch\/fr\/aufbruchstimmung-am-gesundheitstag-musik\/","title":{"rendered":"Ambiance de renouveau \u00e0 la Journ\u00e9e de la sant\u00e9 Musique"},"content":{"rendered":"<p><strong>Le 19e symposium de Swissmedmusica a montr\u00e9 que le monde de la musique a encore du retard \u00e0 rattraper en mati\u00e8re de pr\u00e9vention.<\/strong><\/p>\n<p>Le 11 novembre 2023, la Salle Grenette \u00e0 Fribourg est devenue le lieu de rencontre de toutes les personnes int\u00e9ress\u00e9es par la musique et la sant\u00e9 en Suisse. Des sp\u00e9cialistes des hautes \u00e9coles de musique, des associations, des physioth\u00e9rapeutes, des p\u00e9dagogues et des chercheurs s&#8217;y sont r\u00e9unis sur ce th\u00e8me. Ils ont dress\u00e9 un tableau nuanc\u00e9 de la mani\u00e8re dont les questions de sant\u00e9 physique et psychique sont trait\u00e9es sur la sc\u00e8ne musicale suisse. L&#8217;une des questions centrales \u00e9tait de savoir comment am\u00e9liorer la pratique musicale individuelle sans en perdre la motivation. Les r\u00e9sultats des recherches les plus r\u00e9centes dressent actuellement un tableau plut\u00f4t inqui\u00e9tant. Elena Alessandri, directrice du centre de comp\u00e9tences Music Performance Research \u00e0 la Haute \u00e9cole de musique de Lucerne (HSLU-M), a par exemple pr\u00e9sent\u00e9 des \u00e9tudes r\u00e9centes qui indiquent que les \u00e9tudiants en musique sont confront\u00e9s d\u00e8s le d\u00e9but de leurs \u00e9tudes \u00e0 des d\u00e9ficits physiques et psychiques sup\u00e9rieurs \u00e0 la moyenne par rapport \u00e0 l&#8217;ensemble de la population.<br \/>\nCarine Tripet-Li\u00e8vre, responsable de la fili\u00e8re P\u00e9dagogie g\u00e9n\u00e9rale \u00e0 la Haute \u00e9cole de musique Gen\u00e8ve &#8211; Neuch\u00e2tel, Andreas Cincera, qui travaille notamment \u00e0 la Scuola Universitaria di Musica della Svizzera Italiana \u00e0 Lugano (SUM) et \u00e0 la Haute \u00e9cole sp\u00e9cialis\u00e9e bernoise (HESB\/HKB), ainsi qu&#8217;Oliver Margulies, collaborateur scientifique dans le domaine de la physiologie musicale, de la m\u00e9decine pr\u00e9ventive et de la m\u00e9decine musicale au d\u00e9partement de musique de la ZHdK. Si l&#8217;on devait tirer une conclusion commune de leurs expos\u00e9s, ce serait sans doute surtout celle-ci : Il y a encore beaucoup \u00e0 faire en mati\u00e8re de p\u00e9dagogie musicale globale, qui ne laisse pas s&#8217;\u00e9teindre le feu int\u00e9rieur des \u00e9tudiants. Cincera a illustr\u00e9 la t\u00e2che par un gros livre virtuel qui \u00e9num\u00e9rerait les innombrables recherches non encore entam\u00e9es sur le sujet.<br \/>\nLa p\u00e9dopsychiatre Anke Grell et la m\u00e9decin musicienne allemande Antonia Pfeiffer ont \u00e9t\u00e9 les oratrices principales. La premi\u00e8re a pr\u00e9sent\u00e9 le d\u00e9veloppement c\u00e9r\u00e9bral de l&#8217;enfant et de l&#8217;adolescent et son lien avec les capacit\u00e9s ou les d\u00e9ficits d&#8217;auto-efficacit\u00e9. Antonia Pfeiffer, malade, a \u00e9t\u00e9 jointe par vid\u00e9o et zoom. Elle a expliqu\u00e9 des variantes de techniques de tapotement qui permettent par exemple de contrer la peur de se pr\u00e9senter en public. Ces techniques sont connues en kin\u00e9siologie. Pfeiffer a pr\u00e9sent\u00e9 les d\u00e9veloppements apport\u00e9s par le m\u00e9decin allemand Michael Bohne.<\/p>\n<p><strong>Journ\u00e9e sant\u00e9 musique pour tous<\/strong><\/p>\n<p>Avec la Journ\u00e9e de la sant\u00e9 en musique, Swissmedmusica propose un \u00e9v\u00e9nement de r\u00e9seautage qui couvre tous les aspects de la pr\u00e9vention, de la p\u00e9dagogie et de la m\u00e9decine musicale et offre aux personnes int\u00e9ress\u00e9es de tous bords une plateforme d&#8217;information ax\u00e9e sur la pratique. Une partie de l&#8217;offensive consiste \u00e9galement en un r\u00e9pertoire des offres de sant\u00e9 des membres de la soci\u00e9t\u00e9 sur le site Swissmedmusica.ch (sous &#8220;Offres&#8221;). Les membres profitent en outre d&#8217;une newsletter riche en informations sur les manifestations, les actualit\u00e9s de la m\u00e9decine musicale, des r\u00e9f\u00e9rences bibliographiques et m\u00e9diatiques et d&#8217;autres contenus int\u00e9ressants. Une adh\u00e9sion est ouverte \u00e0 tous ceux qui consid\u00e8rent le travail conscient sur la sant\u00e9 comme une chance d&#8217;am\u00e9liorer leur propre pratique musicale et leur qualit\u00e9 de vie g\u00e9n\u00e9rale.<br \/>\nLa prochaine Journ\u00e9e de la sant\u00e9 musicale aura lieu \u00e0 l&#8217;automne 2024 au Neubad de Lucerne. En \u00e9troite collaboration avec l&#8217;\u00e9quipe de la HSLU-M, elle offrira \u00e0 nouveau un aper\u00e7u des m\u00e9thodes et techniques modernes de pr\u00e9vention et de pratique musicale saine et inspir\u00e9e.<\/p>\n","protected":false},"excerpt":{"rendered":"<p>Le 19e symposium de Swissmedmusica a montr\u00e9 que le monde de la musique a encore du retard \u00e0 rattraper en mati\u00e8re de pr\u00e9vention. Le 11 novembre 2023, la Salle Grenette &hellip; <a href=\"https:\/\/swissmedmusica.ch\/fr\/aufbruchstimmung-am-gesundheitstag-musik\/\" class=\"more-link\">Continue reading<span class=\"screen-reader-text\"> &#8220;Ambiance de renouveau \u00e0 la Journ\u00e9e de la sant\u00e9 Musique&#8221;<\/span><\/a><\/p>\n","protected":false},"author":1,"featured_media":0,"comment_status":"closed","ping_status":"closed","sticky":false,"template":"","format":"standard","meta":{"footnotes":""},"categories":[28],"tags":[35,34],"class_list":["post-1879","post","type-post","status-publish","format-standard","hentry","category-musikermedizin","tag-gesundheitstag-musik","tag-symposium"],"translation":{"provider":"WPGlobus","version":"3.0.5","language":"fr","enabled_languages":["de","fr","it","en"],"languages":{"de":{"title":true,"content":true,"excerpt":false},"fr":{"title":true,"content":true,"excerpt":false},"it":{"title":true,"content":true,"excerpt":false},"en":{"title":true,"content":true,"excerpt":false}}},"jetpack_featured_media_url":"","_links":{"self":[{"href":"https:\/\/swissmedmusica.ch\/fr\/wp-json\/wp\/v2\/posts\/1879","targetHints":{"allow":["GET"]}}],"collection":[{"href":"https:\/\/swissmedmusica.ch\/fr\/wp-json\/wp\/v2\/posts"}],"about":[{"href":"https:\/\/swissmedmusica.ch\/fr\/wp-json\/wp\/v2\/types\/post"}],"author":[{"embeddable":true,"href":"https:\/\/swissmedmusica.ch\/fr\/wp-json\/wp\/v2\/users\/1"}],"replies":[{"embeddable":true,"href":"https:\/\/swissmedmusica.ch\/fr\/wp-json\/wp\/v2\/comments?post=1879"}],"version-history":[{"count":21,"href":"https:\/\/swissmedmusica.ch\/fr\/wp-json\/wp\/v2\/posts\/1879\/revisions"}],"predecessor-version":[{"id":1881,"href":"https:\/\/swissmedmusica.ch\/fr\/wp-json\/wp\/v2\/posts\/1879\/revisions\/1881"}],"wp:attachment":[{"href":"https:\/\/swissmedmusica.ch\/fr\/wp-json\/wp\/v2\/media?parent=1879"}],"wp:term":[{"taxonomy":"category","embeddable":true,"href":"https:\/\/swissmedmusica.ch\/fr\/wp-json\/wp\/v2\/categories?post=1879"},{"taxonomy":"post_tag","embeddable":true,"href":"https:\/\/swissmedmusica.ch\/fr\/wp-json\/wp\/v2\/tags?post=1879"}],"curies":[{"name":"wp","href":"https:\/\/api.w.org\/{rel}","templated":true}]}}