{"id":2002,"date":"2024-05-03T08:35:21","date_gmt":"2024-05-03T08:35:21","guid":{"rendered":"https:\/\/swissmedmusica.ch\/?p=2002"},"modified":"2024-05-03T08:50:14","modified_gmt":"2024-05-03T08:50:14","slug":"gesundheitstag-musik-deine-angebote","status":"publish","type":"post","link":"https:\/\/swissmedmusica.ch\/fr\/gesundheitstag-musik-deine-angebote\/","title":{"rendered":"Journ\u00e9e de la sant\u00e9 en musique &#8211; tes offres"},"content":{"rendered":"<p>La Journ\u00e9e nationale de la sant\u00e9 musicale du 9 novembre 2024 \u00e0 Lucerne est plac\u00e9e sous la devise &#8220;Prevention and Musical Excellence&#8221; et fournit des informations aussi compl\u00e8tes que possible sur les offres de pr\u00e9vention et de th\u00e9rapie en Suisse. Des expos\u00e9s de haut niveau informeront sur les derniers d\u00e9veloppements de la recherche en m\u00e9decine musicale, des ateliers permettront de d\u00e9couvrir les techniques d&#8217;une pratique musicale saine. Un salon avec du mat\u00e9riel d&#8217;information donnera un aper\u00e7u des offres de th\u00e9rapie et de pr\u00e9vention dans toute la Suisse. Des sp\u00e9cialistes r\u00e9pondront en outre volontiers aux questions sur les strat\u00e9gies individuelles de pratique musicale saine et sur l&#8217;am\u00e9lioration du bien-\u00eatre dans le quotidien musical. Les expos\u00e9s seront traduits simultan\u00e9ment. Ce sont surtout les membres du r\u00e9seau Swissmedmusica, pr\u00e9sent dans toute la Suisse, qui se pr\u00e9sentent au Salon de la Table. La qualit\u00e9 \u00e9lev\u00e9e et le s\u00e9rieux des offres sont ainsi garantis.<\/p>\n<p><strong>Devenir membre et pr\u00e9senter ses offres<\/strong><\/p>\n<p>Les personnes int\u00e9ress\u00e9es qui ne sont pas encore membres de Swissmedmusica et qui souhaitent pr\u00e9senter leurs propres offres de m\u00e9decine musicale lors de la foire aux tables de la Journ\u00e9e de la sant\u00e9 peuvent demander une adh\u00e9sion \u00e0 Swissmedmusica. Les musiciennes et musiciens int\u00e9ress\u00e9s peuvent \u00e9galement devenir membres. Swissmedmusica soutient tout le monde sur le chemin d&#8217;une pratique musicale saine et \u00e9motionnellement \u00e9panouie. Les membres profitent en outre de plateformes de mise en r\u00e9seau de toutes les personnes actives dans le domaine de la m\u00e9decine musicale en Suisse et au niveau international, d&#8217;une newsletter exclusive au contenu riche en informations sur les m\u00e9dias, les manifestations et la recherche actuelle dans le domaine de la m\u00e9decine musicale, ainsi que de r\u00e9ductions sur les revues sp\u00e9cialis\u00e9es et l&#8217;entr\u00e9e \u00e0 la Journ\u00e9e de la sant\u00e9 en musique.<\/p>\n<p><strong>Plus d&#8217;infos :<\/strong> <a href=\"https:\/\/swissmedmusica.ch\/fr\/mitgliedschaft\/\">swissmedmusica.ch\/fr\/mitgliedschaft\/<\/a><\/p>\n","protected":false},"excerpt":{"rendered":"<p>La Journ\u00e9e nationale de la sant\u00e9 musicale du 9 novembre 2024 \u00e0 Lucerne est plac\u00e9e sous la devise &#8220;Prevention and Musical Excellence&#8221; et fournit des informations aussi compl\u00e8tes que possible sur les offres de pr\u00e9vention et de th\u00e9rapie en Suisse. Les prestataires ont la possibilit\u00e9 de pr\u00e9senter leurs services lors d&#8217;un salon de table. <\/p>\n","protected":false},"author":1,"featured_media":2003,"comment_status":"closed","ping_status":"closed","sticky":false,"template":"","format":"standard","meta":{"footnotes":""},"categories":[36],"tags":[],"class_list":["post-2002","post","type-post","status-publish","format-standard","has-post-thumbnail","hentry","category-gesundheitstag-musik"],"translation":{"provider":"WPGlobus","version":"3.0.5","language":"fr","enabled_languages":["de","fr","it","en"],"languages":{"de":{"title":true,"content":true,"excerpt":true},"fr":{"title":true,"content":true,"excerpt":true},"it":{"title":true,"content":true,"excerpt":true},"en":{"title":true,"content":true,"excerpt":true}}},"jetpack_featured_media_url":"https:\/\/swissmedmusica.ch\/wp-content\/uploads\/2024\/05\/PascalWiedmer-39-Kopie-scaled.jpg","_links":{"self":[{"href":"https:\/\/swissmedmusica.ch\/fr\/wp-json\/wp\/v2\/posts\/2002","targetHints":{"allow":["GET"]}}],"collection":[{"href":"https:\/\/swissmedmusica.ch\/fr\/wp-json\/wp\/v2\/posts"}],"about":[{"href":"https:\/\/swissmedmusica.ch\/fr\/wp-json\/wp\/v2\/types\/post"}],"author":[{"embeddable":true,"href":"https:\/\/swissmedmusica.ch\/fr\/wp-json\/wp\/v2\/users\/1"}],"replies":[{"embeddable":true,"href":"https:\/\/swissmedmusica.ch\/fr\/wp-json\/wp\/v2\/comments?post=2002"}],"version-history":[{"count":20,"href":"https:\/\/swissmedmusica.ch\/fr\/wp-json\/wp\/v2\/posts\/2002\/revisions"}],"predecessor-version":[{"id":2013,"href":"https:\/\/swissmedmusica.ch\/fr\/wp-json\/wp\/v2\/posts\/2002\/revisions\/2013"}],"wp:featuredmedia":[{"embeddable":true,"href":"https:\/\/swissmedmusica.ch\/fr\/wp-json\/wp\/v2\/media\/2003"}],"wp:attachment":[{"href":"https:\/\/swissmedmusica.ch\/fr\/wp-json\/wp\/v2\/media?parent=2002"}],"wp:term":[{"taxonomy":"category","embeddable":true,"href":"https:\/\/swissmedmusica.ch\/fr\/wp-json\/wp\/v2\/categories?post=2002"},{"taxonomy":"post_tag","embeddable":true,"href":"https:\/\/swissmedmusica.ch\/fr\/wp-json\/wp\/v2\/tags?post=2002"}],"curies":[{"name":"wp","href":"https:\/\/api.w.org\/{rel}","templated":true}]}}