{"id":2047,"date":"2024-05-30T04:31:30","date_gmt":"2024-05-30T04:31:30","guid":{"rendered":"https:\/\/swissmedmusica.ch\/?p=2047"},"modified":"2024-05-30T04:51:31","modified_gmt":"2024-05-30T04:51:31","slug":"zwischen-massenpanik-und-musikermedizin","status":"publish","type":"post","link":"https:\/\/swissmedmusica.ch\/fr\/zwischen-massenpanik-und-musikermedizin\/","title":{"rendered":"Entre panique de masse et m\u00e9decine des musiciens"},"content":{"rendered":"<p>Peer Abilgaard a \u00e9tudi\u00e9 le chant et la trompette \u00e0 la Hochschule f\u00fcr Musik und Tanz de Cologne et a \u00e9t\u00e9 soliste invit\u00e9 en tant que contre-t\u00e9nor au Staatstheater de Darmstadt et dans les op\u00e9ras de Halle, Gera, Altenburg et Bonn. Apr\u00e8s ses \u00e9tudes musicales, il a suivi des \u00e9tudes de m\u00e9decine \u00e0 l&#8217;universit\u00e9 de Bonn. Aujourd&#8217;hui, il est m\u00e9decin-chef de la clinique de sant\u00e9 mentale de l&#8217;Evangelisches Klinikum Gelsenkirchen et examinateur dans diff\u00e9rentes chambres m\u00e9dicales allemandes.<br \/>\nEn 2009, il a fond\u00e9 l&#8217;Institut Peter Ostwald pour la sant\u00e9 des musiciens \u00e0 l&#8217;\u00c9cole sup\u00e9rieure de musique de Cologne. Il est \u00e9galement \u00e0 l&#8217;origine du \u00ab Netzwerk Musikermedizin Nordrhein \u00bb (r\u00e9seau de m\u00e9decine musicale de Rh\u00e9nanie-du-Nord-Westphalie), une association informelle de th\u00e9rapeutes et de m\u00e9decins issus des disciplines les plus diverses. En tant que membre fondateur de la Soci\u00e9t\u00e9 allemande de physiologie et de m\u00e9decine musicale, il s&#8217;engage depuis de nombreuses ann\u00e9es \u00e0 l&#8217;interface entre l&#8217;art, la p\u00e9dagogie musicale et la m\u00e9decine. Avec ses coll\u00e8gues, il poursuit au sein de la soci\u00e9t\u00e9 sp\u00e9cialis\u00e9e un d\u00e9veloppement orient\u00e9 sur les ressources de cette discipline encore jeune.<\/p>\n<p><a href=\"https:\/\/swissmedmusica.ch\/fr\/gesundheitstag\/\">En savoir plus sur la Journ\u00e9e de la sant\u00e9 par la musique<\/a><\/p>\n","protected":false},"excerpt":{"rendered":"<p>L&#8217;Allemagne lui a jadis rendu hommage pour sa prise en charge des victimes de la Love Parade de Duisbourg. Aujourd&#8217;hui, il enseigne \u00e0 Cologne les bases d&#8217;une pratique musicale saine. Lors de la Journ\u00e9e nationale de la sant\u00e9 musicale, Peer Abilgaard sera pr\u00e9sent \u00e0 Lucerne le 9 novembre. <\/p>\n","protected":false},"author":1,"featured_media":2048,"comment_status":"closed","ping_status":"closed","sticky":false,"template":"","format":"standard","meta":{"footnotes":""},"categories":[36],"tags":[],"class_list":["post-2047","post","type-post","status-publish","format-standard","has-post-thumbnail","hentry","category-gesundheitstag-musik"],"translation":{"provider":"WPGlobus","version":"3.0.5","language":"fr","enabled_languages":["de","fr","it","en"],"languages":{"de":{"title":true,"content":true,"excerpt":true},"fr":{"title":true,"content":true,"excerpt":true},"it":{"title":true,"content":true,"excerpt":true},"en":{"title":true,"content":true,"excerpt":true}}},"jetpack_featured_media_url":"https:\/\/swissmedmusica.ch\/wp-content\/uploads\/2024\/05\/Abilaard_SMZ_2406-scaled-e1717042973859.jpg","_links":{"self":[{"href":"https:\/\/swissmedmusica.ch\/fr\/wp-json\/wp\/v2\/posts\/2047","targetHints":{"allow":["GET"]}}],"collection":[{"href":"https:\/\/swissmedmusica.ch\/fr\/wp-json\/wp\/v2\/posts"}],"about":[{"href":"https:\/\/swissmedmusica.ch\/fr\/wp-json\/wp\/v2\/types\/post"}],"author":[{"embeddable":true,"href":"https:\/\/swissmedmusica.ch\/fr\/wp-json\/wp\/v2\/users\/1"}],"replies":[{"embeddable":true,"href":"https:\/\/swissmedmusica.ch\/fr\/wp-json\/wp\/v2\/comments?post=2047"}],"version-history":[{"count":13,"href":"https:\/\/swissmedmusica.ch\/fr\/wp-json\/wp\/v2\/posts\/2047\/revisions"}],"predecessor-version":[{"id":2052,"href":"https:\/\/swissmedmusica.ch\/fr\/wp-json\/wp\/v2\/posts\/2047\/revisions\/2052"}],"wp:featuredmedia":[{"embeddable":true,"href":"https:\/\/swissmedmusica.ch\/fr\/wp-json\/wp\/v2\/media\/2048"}],"wp:attachment":[{"href":"https:\/\/swissmedmusica.ch\/fr\/wp-json\/wp\/v2\/media?parent=2047"}],"wp:term":[{"taxonomy":"category","embeddable":true,"href":"https:\/\/swissmedmusica.ch\/fr\/wp-json\/wp\/v2\/categories?post=2047"},{"taxonomy":"post_tag","embeddable":true,"href":"https:\/\/swissmedmusica.ch\/fr\/wp-json\/wp\/v2\/tags?post=2047"}],"curies":[{"name":"wp","href":"https:\/\/api.w.org\/{rel}","templated":true}]}}