{"id":2096,"date":"2024-06-27T04:32:06","date_gmt":"2024-06-27T04:32:06","guid":{"rendered":"https:\/\/swissmedmusica.ch\/?p=2096"},"modified":"2024-06-27T04:41:49","modified_gmt":"2024-06-27T04:41:49","slug":"kann-die-musikermedizin-von-der-sportmedizin-lernen","status":"publish","type":"post","link":"https:\/\/swissmedmusica.ch\/fr\/kann-die-musikermedizin-von-der-sportmedizin-lernen\/","title":{"rendered":"La m\u00e9decine musicale peut-elle apprendre de la m\u00e9decine du sport?"},"content":{"rendered":"<p><img loading=\"lazy\" decoding=\"async\" class=\"alignnone size-medium wp-image-2099\" src=\"https:\/\/swissmedmusica.ch\/wp-content\/uploads\/2024\/06\/reich-300x221.jpg\" alt=\"\" width=\"300\" height=\"221\" srcset=\"https:\/\/swissmedmusica.ch\/wp-content\/uploads\/2024\/06\/reich-300x221.jpg 300w, https:\/\/swissmedmusica.ch\/wp-content\/uploads\/2024\/06\/reich.jpg 644w\" sizes=\"auto, (max-width: 300px) 85vw, 300px\" \/><\/p>\n<p>Une p\u00e9dagogie musicale saine et des programmes de pr\u00e9vention seront les th\u00e8mes de la Journ\u00e9e nationale de la sant\u00e9 musicale du 9 novembre \u00e0 Lucerne. Le rhumatologue renomm\u00e9 Christoph Reich montre en outre les liens avec la m\u00e9decine du sport. Une br\u00e8ve interview.<\/p>\n<p>Christoph Reich est membre de Swissmedmusica et a \u00e9t\u00e9 pendant plusieurs ann\u00e9es le m\u00e9decin en chef de l&#8217;\u00e9quipe du club de football de Zurich. Il dirige le service m\u00e9dical du Swiss Paralympic Commitee, est m\u00e9decin de la F\u00e9d\u00e9ration suisse de sport handicap Plusport et m\u00e9decin responsable du centre r\u00e9gional de performance de gymnastique rythmique.<\/p>\n<p>Que peut apporter la m\u00e9decine du sport \u00e0 la m\u00e9decine musicale?<br \/>\nChristoph Reich: En bref, un regard objectif sur la m\u00e9canique du mouvement et sur l&#8217;\u00e9tat de l&#8217;entra\u00eenement. Malgr\u00e9 toutes les \u00e9motions qui y sont pr\u00e9sentes et l&#8217;importance de l&#8217;expression corporelle dans certains sports, le sport comporte en fin de compte de nombreux aspects tr\u00e8s objectifs: Compter, mesurer et comparer directement, et il n&#8217;est donc pas surprenant que l&#8217;analyse des mouvements, la connaissance de la r\u00e9sistance physique des tendons et le regard sur l&#8217;\u00e9tat de l&#8217;entra\u00eenement soient tr\u00e8s pr\u00e9sents dans le quotidien sportif.<\/p>\n<p>Que peuvent apprendre les musiciens et les musiciennes de la m\u00e9decine du sport?<br \/>\nGr\u00e2ce \u00e0 la m\u00e9decine et \u00e0 la physiologie musicales, ces connaissances sont aujourd&#8217;hui tr\u00e8s pr\u00e9sentes dans la formation des musiciens et musiciennes. En fin de compte, il s&#8217;agit d&#8217;\u00eatre en contact \u00e9troit avec son propre corps lors de l&#8217;organisation de l&#8217;effort et d&#8217;entretenir avec lui un rapport de partenariat. Notre corps est tr\u00e8s r\u00e9sistant, mais toujours pour les charges auxquelles il a \u00e9t\u00e9 bien pr\u00e9par\u00e9.<\/p>\n<p>Pour en savoir plus sur la Journ\u00e9e nationale de la sant\u00e9 en musique du 9 novembre 2024 \u00e0 Lucerne : <a href=\"https:\/\/swissmedmusica.ch\/fr\/gesundheitstag\">swissmedmusica.ch\/fr\/gesundheitstag<\/a><\/p>\n","protected":false},"excerpt":{"rendered":"<p>Une p\u00e9dagogie musicale saine et des programmes de pr\u00e9vention seront les th\u00e8mes de la Journ\u00e9e nationale de la sant\u00e9 musicale du 9 novembre \u00e0 Lucerne. Le rhumatologue renomm\u00e9 Christoph Reich &hellip; <a href=\"https:\/\/swissmedmusica.ch\/fr\/kann-die-musikermedizin-von-der-sportmedizin-lernen\/\" class=\"more-link\">Continue reading<span class=\"screen-reader-text\"> &#8220;La m\u00e9decine musicale peut-elle apprendre de la m\u00e9decine du sport?&#8221;<\/span><\/a><\/p>\n","protected":false},"author":1,"featured_media":0,"comment_status":"closed","ping_status":"closed","sticky":false,"template":"","format":"standard","meta":{"footnotes":""},"categories":[36],"tags":[],"class_list":["post-2096","post","type-post","status-publish","format-standard","hentry","category-gesundheitstag-musik"],"translation":{"provider":"WPGlobus","version":"3.0.5","language":"fr","enabled_languages":["de","fr","it","en"],"languages":{"de":{"title":true,"content":true,"excerpt":false},"fr":{"title":true,"content":true,"excerpt":false},"it":{"title":true,"content":true,"excerpt":false},"en":{"title":true,"content":true,"excerpt":false}}},"jetpack_featured_media_url":"","_links":{"self":[{"href":"https:\/\/swissmedmusica.ch\/fr\/wp-json\/wp\/v2\/posts\/2096","targetHints":{"allow":["GET"]}}],"collection":[{"href":"https:\/\/swissmedmusica.ch\/fr\/wp-json\/wp\/v2\/posts"}],"about":[{"href":"https:\/\/swissmedmusica.ch\/fr\/wp-json\/wp\/v2\/types\/post"}],"author":[{"embeddable":true,"href":"https:\/\/swissmedmusica.ch\/fr\/wp-json\/wp\/v2\/users\/1"}],"replies":[{"embeddable":true,"href":"https:\/\/swissmedmusica.ch\/fr\/wp-json\/wp\/v2\/comments?post=2096"}],"version-history":[{"count":15,"href":"https:\/\/swissmedmusica.ch\/fr\/wp-json\/wp\/v2\/posts\/2096\/revisions"}],"predecessor-version":[{"id":2107,"href":"https:\/\/swissmedmusica.ch\/fr\/wp-json\/wp\/v2\/posts\/2096\/revisions\/2107"}],"wp:attachment":[{"href":"https:\/\/swissmedmusica.ch\/fr\/wp-json\/wp\/v2\/media?parent=2096"}],"wp:term":[{"taxonomy":"category","embeddable":true,"href":"https:\/\/swissmedmusica.ch\/fr\/wp-json\/wp\/v2\/categories?post=2096"},{"taxonomy":"post_tag","embeddable":true,"href":"https:\/\/swissmedmusica.ch\/fr\/wp-json\/wp\/v2\/tags?post=2096"}],"curies":[{"name":"wp","href":"https:\/\/api.w.org\/{rel}","templated":true}]}}