{"id":1136,"date":"2023-04-17T08:29:10","date_gmt":"2023-04-17T08:29:10","guid":{"rendered":"https:\/\/swissmedmusica.ch\/?p=1136"},"modified":"2023-06-04T15:27:12","modified_gmt":"2023-06-04T15:27:12","slug":"beethovens-genom-vollstaendig-entschluesselt","status":"publish","type":"post","link":"https:\/\/swissmedmusica.ch\/it\/beethovens-genom-vollstaendig-entschluesselt\/","title":{"rendered":"Beethovens Genom entschl\u00fcsselt"},"content":{"rendered":"<p>Die von der Universit\u00e4t Cambridge, dem Beethoven Center San Jose und der American Beethoven Society, der KU Leuven, der Firma FamilyTreeDNA, dem Universit\u00e4tsklinikum Bonn und der Universit\u00e4t Bonn, dem Beethoven-Haus Bonn und dem Max-Planck-Institut f\u00fcr evolution\u00e4re Anthropologie geleitete Studie bringt neue Erkenntnisse \u00fcber die Krankheiten des Komponisten zu Tage und wirft Fragen \u00fcber seine j\u00fcngste Abstammung und Todesursache auf.<\/p>\n<p>Dem internationalen Forschungsteam ist es gelungen, Ludwig van Beethovens Genom anhand von f\u00fcnf genetisch \u00fcbereinstimmenden Haarlocken zu entschl\u00fcsseln. Seine erbliche Veranlagung f\u00fchrte in Verbindung mit seinem Alkoholkonsum zu seiner schweren Lebererkrankung. Das Erbgut von heute lebenden Verwandten deutet zudem auf eine aussereheliche Beziehung in Beethovens v\u00e4terlicher Linie hin.<\/p>\n<p>Bisher bekannt war, dass Beethoven seine Br\u00fcder in einem 1802 verfassten Brief bat, seine Krankheit nach seinem Tod durch seinen Arzt untersuchen zu lassen und das Ergebnis zu ver\u00f6ffentlichen. Seitdem herrschte Unklarheit \u00fcber den Gesundheitszustand und die Todesursache des Bonner Komponisten, denn die Aufzeichnungen von Beethovens Arzt wurden nie gefunden. Um mehr \u00fcber seine Krankheiten und die Todesursache herauszufinden, hat das internationale Forschungsteam moderne arch\u00e4ogenetische Untersuchungsmethoden genutzt.<\/p>\n<p><strong>Quelle:<\/strong> <a href=\"https:\/\/www.musikzeitung.ch\/news\/2023\/03\/beethovens-genom-vollstaendig-entschluesselt\">https:\/\/www.musikzeitung.ch\/news\/2023\/03\/beethovens-genom-vollstaendig-entschluesselt<\/a><\/p>\n","protected":false},"excerpt":{"rendered":"<p>Ein Studie bringt neue Erkenntnisse \u00fcber die Krankheiten Beethovens zu Tage und wirft Fragen \u00fcber seine j\u00fcngste Abstammung und Todesursache auf.<\/p>\n","protected":false},"author":1,"featured_media":0,"comment_status":"closed","ping_status":"closed","sticky":false,"template":"","format":"standard","meta":{"footnotes":""},"categories":[1],"tags":[],"class_list":["post-1136","post","type-post","status-publish","format-standard","hentry","category-uncategorized"],"translation":{"provider":"WPGlobus","version":"3.0.5","language":"it","enabled_languages":["de","fr","it","en"],"languages":{"de":{"title":true,"content":true,"excerpt":true},"fr":{"title":false,"content":false,"excerpt":false},"it":{"title":false,"content":false,"excerpt":false},"en":{"title":false,"content":false,"excerpt":false}}},"jetpack_featured_media_url":"","_links":{"self":[{"href":"https:\/\/swissmedmusica.ch\/it\/wp-json\/wp\/v2\/posts\/1136","targetHints":{"allow":["GET"]}}],"collection":[{"href":"https:\/\/swissmedmusica.ch\/it\/wp-json\/wp\/v2\/posts"}],"about":[{"href":"https:\/\/swissmedmusica.ch\/it\/wp-json\/wp\/v2\/types\/post"}],"author":[{"embeddable":true,"href":"https:\/\/swissmedmusica.ch\/it\/wp-json\/wp\/v2\/users\/1"}],"replies":[{"embeddable":true,"href":"https:\/\/swissmedmusica.ch\/it\/wp-json\/wp\/v2\/comments?post=1136"}],"version-history":[{"count":6,"href":"https:\/\/swissmedmusica.ch\/it\/wp-json\/wp\/v2\/posts\/1136\/revisions"}],"predecessor-version":[{"id":1512,"href":"https:\/\/swissmedmusica.ch\/it\/wp-json\/wp\/v2\/posts\/1136\/revisions\/1512"}],"wp:attachment":[{"href":"https:\/\/swissmedmusica.ch\/it\/wp-json\/wp\/v2\/media?parent=1136"}],"wp:term":[{"taxonomy":"category","embeddable":true,"href":"https:\/\/swissmedmusica.ch\/it\/wp-json\/wp\/v2\/categories?post=1136"},{"taxonomy":"post_tag","embeddable":true,"href":"https:\/\/swissmedmusica.ch\/it\/wp-json\/wp\/v2\/tags?post=1136"}],"curies":[{"name":"wp","href":"https:\/\/api.w.org\/{rel}","templated":true}]}}