{"id":1843,"date":"2023-11-13T12:09:31","date_gmt":"2023-11-13T12:09:31","guid":{"rendered":"https:\/\/swissmedmusica.ch\/?p=1843"},"modified":"2023-11-13T12:25:58","modified_gmt":"2023-11-13T12:25:58","slug":"impressionen-vom-smm-symposium-2023","status":"publish","type":"post","link":"https:\/\/swissmedmusica.ch\/it\/impressionen-vom-smm-symposium-2023\/","title":{"rendered":"Impressionen vom SMM-Symposium 2023"},"content":{"rendered":"<figure id=\"attachment_1845\" aria-describedby=\"caption-attachment-1845\" style=\"width: 395px\" class=\"wp-caption alignright\"><img loading=\"lazy\" decoding=\"async\" class=\" wp-image-1845\" src=\"https:\/\/swissmedmusica.ch\/wp-content\/uploads\/2023\/11\/DSC03807-300x222.jpg\" alt=\"\" width=\"395\" height=\"292\" srcset=\"https:\/\/swissmedmusica.ch\/wp-content\/uploads\/2023\/11\/DSC03807-300x222.jpg 300w, https:\/\/swissmedmusica.ch\/wp-content\/uploads\/2023\/11\/DSC03807-1024x758.jpg 1024w, https:\/\/swissmedmusica.ch\/wp-content\/uploads\/2023\/11\/DSC03807-768x568.jpg 768w, https:\/\/swissmedmusica.ch\/wp-content\/uploads\/2023\/11\/DSC03807-1536x1136.jpg 1536w, https:\/\/swissmedmusica.ch\/wp-content\/uploads\/2023\/11\/DSC03807-2048x1515.jpg 2048w, https:\/\/swissmedmusica.ch\/wp-content\/uploads\/2023\/11\/DSC03807-1200x888.jpg 1200w\" sizes=\"auto, (max-width: 395px) 85vw, 395px\" \/><figcaption id=\"caption-attachment-1845\" class=\"wp-caption-text\">Musikalische Er\u00f6ffnung: Justine Pittet (Violine),<br \/>Nino Overney (Viola) Edgar Dupr\u00e9 (Cello) mit Ernst von Dohn\u00e1nyi Streichtrio op. 10.\u200b<\/figcaption><\/figure>\n<figure id=\"attachment_1846\" aria-describedby=\"caption-attachment-1846\" style=\"width: 412px\" class=\"wp-caption alignleft right\"><img loading=\"lazy\" decoding=\"async\" class=\" wp-image-1846\" src=\"https:\/\/swissmedmusica.ch\/wp-content\/uploads\/2023\/11\/DSC03841-300x225.jpg\" alt=\"\" width=\"412\" height=\"309\" srcset=\"https:\/\/swissmedmusica.ch\/wp-content\/uploads\/2023\/11\/DSC03841-300x225.jpg 300w, https:\/\/swissmedmusica.ch\/wp-content\/uploads\/2023\/11\/DSC03841-1024x768.jpg 1024w, https:\/\/swissmedmusica.ch\/wp-content\/uploads\/2023\/11\/DSC03841-768x576.jpg 768w, https:\/\/swissmedmusica.ch\/wp-content\/uploads\/2023\/11\/DSC03841-1536x1152.jpg 1536w, https:\/\/swissmedmusica.ch\/wp-content\/uploads\/2023\/11\/DSC03841-2048x1536.jpg 2048w, https:\/\/swissmedmusica.ch\/wp-content\/uploads\/2023\/11\/DSC03841-1200x900.jpg 1200w\" sizes=\"auto, (max-width: 412px) 85vw, 412px\" \/><figcaption id=\"caption-attachment-1846\" class=\"wp-caption-text\">Keynote-Sprecherin Anke Grell und Moderatorin Isabelle Freymond<\/figcaption><\/figure>\n<figure id=\"attachment_1847\" aria-describedby=\"caption-attachment-1847\" style=\"width: 300px\" class=\"wp-caption alignright\"><img loading=\"lazy\" decoding=\"async\" class=\"size-medium wp-image-1847\" src=\"https:\/\/swissmedmusica.ch\/wp-content\/uploads\/2023\/11\/DSC03850-300x254.jpg\" alt=\"\" width=\"300\" height=\"254\" srcset=\"https:\/\/swissmedmusica.ch\/wp-content\/uploads\/2023\/11\/DSC03850-300x254.jpg 300w, https:\/\/swissmedmusica.ch\/wp-content\/uploads\/2023\/11\/DSC03850-1024x867.jpg 1024w, https:\/\/swissmedmusica.ch\/wp-content\/uploads\/2023\/11\/DSC03850-768x650.jpg 768w, https:\/\/swissmedmusica.ch\/wp-content\/uploads\/2023\/11\/DSC03850-1536x1300.jpg 1536w, https:\/\/swissmedmusica.ch\/wp-content\/uploads\/2023\/11\/DSC03850-2048x1733.jpg 2048w, https:\/\/swissmedmusica.ch\/wp-content\/uploads\/2023\/11\/DSC03850-1200x1016.jpg 1200w\" sizes=\"auto, (max-width: 300px) 85vw, 300px\" \/><figcaption id=\"caption-attachment-1847\" class=\"wp-caption-text\">Oliver Margulies (ZHdK)<\/figcaption><\/figure>\n<figure id=\"attachment_1848\" aria-describedby=\"caption-attachment-1848\" style=\"width: 300px\" class=\"wp-caption alignleft\"><img loading=\"lazy\" decoding=\"async\" class=\"size-medium wp-image-1848\" src=\"https:\/\/swissmedmusica.ch\/wp-content\/uploads\/2023\/11\/DSC03857-300x202.jpg\" alt=\"\" width=\"300\" height=\"202\" srcset=\"https:\/\/swissmedmusica.ch\/wp-content\/uploads\/2023\/11\/DSC03857-300x202.jpg 300w, https:\/\/swissmedmusica.ch\/wp-content\/uploads\/2023\/11\/DSC03857-1024x690.jpg 1024w, https:\/\/swissmedmusica.ch\/wp-content\/uploads\/2023\/11\/DSC03857-768x518.jpg 768w, https:\/\/swissmedmusica.ch\/wp-content\/uploads\/2023\/11\/DSC03857-1536x1036.jpg 1536w, https:\/\/swissmedmusica.ch\/wp-content\/uploads\/2023\/11\/DSC03857-2048x1381.jpg 2048w, https:\/\/swissmedmusica.ch\/wp-content\/uploads\/2023\/11\/DSC03857-1200x809.jpg 1200w\" sizes=\"auto, (max-width: 300px) 85vw, 300px\" \/><figcaption id=\"caption-attachment-1848\" class=\"wp-caption-text\">Carine Tripet Li\u00e8vre (Haute \u00e9cole de musique Gen\u00e8ve \u2013 Neuch\u00e2tel)<\/figcaption><\/figure>\n<figure id=\"attachment_1849\" aria-describedby=\"caption-attachment-1849\" style=\"width: 300px\" class=\"wp-caption alignright\"><img loading=\"lazy\" decoding=\"async\" class=\"size-medium wp-image-1849\" src=\"https:\/\/swissmedmusica.ch\/wp-content\/uploads\/2023\/11\/DSC03870-300x221.jpg\" alt=\"\" width=\"300\" height=\"221\" srcset=\"https:\/\/swissmedmusica.ch\/wp-content\/uploads\/2023\/11\/DSC03870-300x221.jpg 300w, https:\/\/swissmedmusica.ch\/wp-content\/uploads\/2023\/11\/DSC03870-1024x753.jpg 1024w, https:\/\/swissmedmusica.ch\/wp-content\/uploads\/2023\/11\/DSC03870-768x565.jpg 768w, https:\/\/swissmedmusica.ch\/wp-content\/uploads\/2023\/11\/DSC03870-1536x1130.jpg 1536w, https:\/\/swissmedmusica.ch\/wp-content\/uploads\/2023\/11\/DSC03870-2048x1506.jpg 2048w, https:\/\/swissmedmusica.ch\/wp-content\/uploads\/2023\/11\/DSC03870-1200x882.jpg 1200w\" sizes=\"auto, (max-width: 300px) 85vw, 300px\" \/><figcaption id=\"caption-attachment-1849\" class=\"wp-caption-text\">aufgenommenes Referat der Keynote-Sprecherin Antonia Pfeiffer<\/figcaption><\/figure>\n<figure id=\"attachment_1850\" aria-describedby=\"caption-attachment-1850\" style=\"width: 292px\" class=\"wp-caption alignleft\"><img loading=\"lazy\" decoding=\"async\" class=\" wp-image-1850\" src=\"https:\/\/swissmedmusica.ch\/wp-content\/uploads\/2023\/11\/DSC03874-228x300.jpg\" alt=\"\" width=\"292\" height=\"384\" srcset=\"https:\/\/swissmedmusica.ch\/wp-content\/uploads\/2023\/11\/DSC03874-228x300.jpg 228w, https:\/\/swissmedmusica.ch\/wp-content\/uploads\/2023\/11\/DSC03874-779x1024.jpg 779w, https:\/\/swissmedmusica.ch\/wp-content\/uploads\/2023\/11\/DSC03874-768x1010.jpg 768w, https:\/\/swissmedmusica.ch\/wp-content\/uploads\/2023\/11\/DSC03874-1168x1536.jpg 1168w, https:\/\/swissmedmusica.ch\/wp-content\/uploads\/2023\/11\/DSC03874-1557x2048.jpg 1557w, https:\/\/swissmedmusica.ch\/wp-content\/uploads\/2023\/11\/DSC03874-1200x1578.jpg 1200w, https:\/\/swissmedmusica.ch\/wp-content\/uploads\/2023\/11\/DSC03874.jpg 1909w\" sizes=\"auto, (max-width: 292px) 85vw, 292px\" \/><figcaption id=\"caption-attachment-1850\" class=\"wp-caption-text\">Christian Studler (Fl\u00f6tenp\u00e4dagoge)<\/figcaption><\/figure>\n<figure id=\"attachment_1851\" aria-describedby=\"caption-attachment-1851\" style=\"width: 268px\" class=\"wp-caption alignright\"><img loading=\"lazy\" decoding=\"async\" class=\"size-medium wp-image-1851\" src=\"https:\/\/swissmedmusica.ch\/wp-content\/uploads\/2023\/11\/DSC03882-268x300.jpg\" alt=\"\" width=\"268\" height=\"300\" srcset=\"https:\/\/swissmedmusica.ch\/wp-content\/uploads\/2023\/11\/DSC03882-268x300.jpg 268w, https:\/\/swissmedmusica.ch\/wp-content\/uploads\/2023\/11\/DSC03882-913x1024.jpg 913w, https:\/\/swissmedmusica.ch\/wp-content\/uploads\/2023\/11\/DSC03882-768x861.jpg 768w, https:\/\/swissmedmusica.ch\/wp-content\/uploads\/2023\/11\/DSC03882-1370x1536.jpg 1370w, https:\/\/swissmedmusica.ch\/wp-content\/uploads\/2023\/11\/DSC03882-1827x2048.jpg 1827w, https:\/\/swissmedmusica.ch\/wp-content\/uploads\/2023\/11\/DSC03882-1200x1345.jpg 1200w, https:\/\/swissmedmusica.ch\/wp-content\/uploads\/2023\/11\/DSC03882.jpg 1923w\" sizes=\"auto, (max-width: 268px) 85vw, 268px\" \/><figcaption id=\"caption-attachment-1851\" class=\"wp-caption-text\">Elena Alessandri (Hochschule Luzern &#8211; Musik)<\/figcaption><\/figure>\n<figure id=\"attachment_1852\" aria-describedby=\"caption-attachment-1852\" style=\"width: 315px\" class=\"wp-caption alignleft\"><img loading=\"lazy\" decoding=\"async\" class=\" wp-image-1852\" src=\"https:\/\/swissmedmusica.ch\/wp-content\/uploads\/2023\/11\/DSC03890-251x300.jpg\" alt=\"\" width=\"315\" height=\"376\" srcset=\"https:\/\/swissmedmusica.ch\/wp-content\/uploads\/2023\/11\/DSC03890-251x300.jpg 251w, https:\/\/swissmedmusica.ch\/wp-content\/uploads\/2023\/11\/DSC03890-855x1024.jpg 855w, https:\/\/swissmedmusica.ch\/wp-content\/uploads\/2023\/11\/DSC03890-768x920.jpg 768w, https:\/\/swissmedmusica.ch\/wp-content\/uploads\/2023\/11\/DSC03890-1283x1536.jpg 1283w, https:\/\/swissmedmusica.ch\/wp-content\/uploads\/2023\/11\/DSC03890-1710x2048.jpg 1710w, https:\/\/swissmedmusica.ch\/wp-content\/uploads\/2023\/11\/DSC03890-1200x1437.jpg 1200w, https:\/\/swissmedmusica.ch\/wp-content\/uploads\/2023\/11\/DSC03890.jpg 1944w\" sizes=\"auto, (max-width: 315px) 85vw, 315px\" \/><figcaption id=\"caption-attachment-1852\" class=\"wp-caption-text\">Andreas Cincera (Scuola Universitaria di Musica della Svizzera Italiana in Lugano)<\/figcaption><\/figure>\n","protected":false},"excerpt":{"rendered":"Musikalische Er\u00f6ffnung: Justine Pittet (Violine),Nino Overney (Viola) Edgar Dupr\u00e9 (Cello) mit Ernst von Dohn\u00e1nyi Streichtrio op. 10.\u200b Keynote-Sprecherin Anke Grell und Moderatorin Isabelle Freymond Oliver Margulies (ZHdK) Carine Tripet Li\u00e8vre &hellip; <a href=\"https:\/\/swissmedmusica.ch\/it\/impressionen-vom-smm-symposium-2023\/\" class=\"more-link\">Continue reading<span class=\"screen-reader-text\"> \"Impressionen vom SMM-Symposium 2023\"<\/span><\/a>","protected":false},"author":1,"featured_media":0,"comment_status":"closed","ping_status":"closed","sticky":false,"template":"","format":"standard","meta":{"footnotes":""},"categories":[1],"tags":[],"class_list":["post-1843","post","type-post","status-publish","format-standard","hentry","category-uncategorized"],"translation":{"provider":"WPGlobus","version":"3.0.5","language":"it","enabled_languages":["de","fr","it","en"],"languages":{"de":{"title":true,"content":true,"excerpt":false},"fr":{"title":false,"content":false,"excerpt":false},"it":{"title":false,"content":false,"excerpt":false},"en":{"title":false,"content":false,"excerpt":false}}},"jetpack_featured_media_url":"","_links":{"self":[{"href":"https:\/\/swissmedmusica.ch\/it\/wp-json\/wp\/v2\/posts\/1843","targetHints":{"allow":["GET"]}}],"collection":[{"href":"https:\/\/swissmedmusica.ch\/it\/wp-json\/wp\/v2\/posts"}],"about":[{"href":"https:\/\/swissmedmusica.ch\/it\/wp-json\/wp\/v2\/types\/post"}],"author":[{"embeddable":true,"href":"https:\/\/swissmedmusica.ch\/it\/wp-json\/wp\/v2\/users\/1"}],"replies":[{"embeddable":true,"href":"https:\/\/swissmedmusica.ch\/it\/wp-json\/wp\/v2\/comments?post=1843"}],"version-history":[{"count":11,"href":"https:\/\/swissmedmusica.ch\/it\/wp-json\/wp\/v2\/posts\/1843\/revisions"}],"predecessor-version":[{"id":1863,"href":"https:\/\/swissmedmusica.ch\/it\/wp-json\/wp\/v2\/posts\/1843\/revisions\/1863"}],"wp:attachment":[{"href":"https:\/\/swissmedmusica.ch\/it\/wp-json\/wp\/v2\/media?parent=1843"}],"wp:term":[{"taxonomy":"category","embeddable":true,"href":"https:\/\/swissmedmusica.ch\/it\/wp-json\/wp\/v2\/categories?post=1843"},{"taxonomy":"post_tag","embeddable":true,"href":"https:\/\/swissmedmusica.ch\/it\/wp-json\/wp\/v2\/tags?post=1843"}],"curies":[{"name":"wp","href":"https:\/\/api.w.org\/{rel}","templated":true}]}}