{"id":2002,"date":"2024-05-03T08:35:21","date_gmt":"2024-05-03T08:35:21","guid":{"rendered":"https:\/\/swissmedmusica.ch\/?p=2002"},"modified":"2024-05-03T08:50:14","modified_gmt":"2024-05-03T08:50:14","slug":"gesundheitstag-musik-deine-angebote","status":"publish","type":"post","link":"https:\/\/swissmedmusica.ch\/it\/gesundheitstag-musik-deine-angebote\/","title":{"rendered":"La giornata della salute in musica &#8211; le vostre offerte"},"content":{"rendered":"<p>La Giornata nazionale della salute musicale, che si terr\u00e0 il 9 novembre 2024 a Lucerna, si svolger\u00e0 all&#8217;insegna del motto &#8220;Prevenzione ed eccellenza musicale&#8221; e fornir\u00e0 le informazioni pi\u00f9 complete possibili sui servizi di prevenzione e terapia in Svizzera. Presentazioni di alto livello forniranno informazioni sugli ultimi sviluppi della ricerca musicologica, mentre i workshop offriranno l&#8217;opportunit\u00e0 di apprendere le tecniche per fare musica in modo sano. Un&#8217;esposizione di materiale informativo offrir\u00e0 una panoramica dei programmi di terapia e prevenzione in tutta la Svizzera. Gli esperti saranno inoltre lieti di rispondere alle domande sulle strategie individuali per un sano fare musica e su come migliorare il benessere nella vita musicale quotidiana. Le presentazioni saranno tradotte simultaneamente. I membri della rete nazionale Swissmedmusica si presenteranno alla fiera. Questo garantisce l&#8217;alta qualit\u00e0 e la seriet\u00e0 delle offerte.<\/p>\n<p><strong>Diventare membri e presentare offerte<\/strong><\/p>\n<p>Gli interessati che non sono ancora membri di Swissmedmusica e desiderano presentare i propri servizi medico-musicali alla fiera della Giornata della Salute possono richiedere l&#8217;adesione a Swissmedmusica. Anche i musicisti interessati possono diventare membri. Swissmedmusica sostiene tutti nel percorso verso un fare musica sano ed emotivamente appagante. I membri beneficiano inoltre di piattaforme di networking per tutti coloro che operano nel campo della medicina musicale in Svizzera e a livello internazionale, di una newsletter esclusiva e ricca di contenuti con informazioni su media, eventi e ricerche attuali nel campo della medicina musicale, oltre a sconti su riviste specializzate e all&#8217;ingresso alla Giornata della salute musicale.<\/p>\n<p><strong>Maggiori informazioni:<\/strong> <a href=\"https:\/\/swissmedmusica.ch\/fr\/mitgliedschaft\/\">swissmedmusica.ch\/it\/mitgliedschaft<\/a><\/p>\n","protected":false},"excerpt":{"rendered":"<p>La Giornata nazionale della salute musicale, che si terr\u00e0 il 9 novembre 2024 a Lucerna, si svolger\u00e0 all&#8217;insegna del motto &#8220;Prevenzione ed eccellenza musicale&#8221; e fornir\u00e0 informazioni il pi\u00f9 possibile complete sui servizi di prevenzione e terapia in Svizzera. I fornitori avranno l&#8217;opportunit\u00e0 di presentare i loro servizi in un&#8217;esposizione a tavolo. <\/p>\n","protected":false},"author":1,"featured_media":2003,"comment_status":"closed","ping_status":"closed","sticky":false,"template":"","format":"standard","meta":{"footnotes":""},"categories":[36],"tags":[],"class_list":["post-2002","post","type-post","status-publish","format-standard","has-post-thumbnail","hentry","category-gesundheitstag-musik"],"translation":{"provider":"WPGlobus","version":"3.0.5","language":"it","enabled_languages":["de","fr","it","en"],"languages":{"de":{"title":true,"content":true,"excerpt":true},"fr":{"title":true,"content":true,"excerpt":true},"it":{"title":true,"content":true,"excerpt":true},"en":{"title":true,"content":true,"excerpt":true}}},"jetpack_featured_media_url":"https:\/\/swissmedmusica.ch\/wp-content\/uploads\/2024\/05\/PascalWiedmer-39-Kopie-scaled.jpg","_links":{"self":[{"href":"https:\/\/swissmedmusica.ch\/it\/wp-json\/wp\/v2\/posts\/2002","targetHints":{"allow":["GET"]}}],"collection":[{"href":"https:\/\/swissmedmusica.ch\/it\/wp-json\/wp\/v2\/posts"}],"about":[{"href":"https:\/\/swissmedmusica.ch\/it\/wp-json\/wp\/v2\/types\/post"}],"author":[{"embeddable":true,"href":"https:\/\/swissmedmusica.ch\/it\/wp-json\/wp\/v2\/users\/1"}],"replies":[{"embeddable":true,"href":"https:\/\/swissmedmusica.ch\/it\/wp-json\/wp\/v2\/comments?post=2002"}],"version-history":[{"count":20,"href":"https:\/\/swissmedmusica.ch\/it\/wp-json\/wp\/v2\/posts\/2002\/revisions"}],"predecessor-version":[{"id":2013,"href":"https:\/\/swissmedmusica.ch\/it\/wp-json\/wp\/v2\/posts\/2002\/revisions\/2013"}],"wp:featuredmedia":[{"embeddable":true,"href":"https:\/\/swissmedmusica.ch\/it\/wp-json\/wp\/v2\/media\/2003"}],"wp:attachment":[{"href":"https:\/\/swissmedmusica.ch\/it\/wp-json\/wp\/v2\/media?parent=2002"}],"wp:term":[{"taxonomy":"category","embeddable":true,"href":"https:\/\/swissmedmusica.ch\/it\/wp-json\/wp\/v2\/categories?post=2002"},{"taxonomy":"post_tag","embeddable":true,"href":"https:\/\/swissmedmusica.ch\/it\/wp-json\/wp\/v2\/tags?post=2002"}],"curies":[{"name":"wp","href":"https:\/\/api.w.org\/{rel}","templated":true}]}}