{"id":2047,"date":"2024-05-30T04:31:30","date_gmt":"2024-05-30T04:31:30","guid":{"rendered":"https:\/\/swissmedmusica.ch\/?p=2047"},"modified":"2024-05-30T04:51:31","modified_gmt":"2024-05-30T04:51:31","slug":"zwischen-massenpanik-und-musikermedizin","status":"publish","type":"post","link":"https:\/\/swissmedmusica.ch\/it\/zwischen-massenpanik-und-musikermedizin\/","title":{"rendered":"Tra panico di massa e medicina dei musicisti"},"content":{"rendered":"<p>Peer Abilgaard ha studiato canto e tromba all&#8217;Universit\u00e0 di Musica e Danza di Colonia ed \u00e8 stato ospite come controtenore al Teatro di Stato di Darmstadt e nei teatri dell&#8217;opera di Halle, Gera, Altenburg e Bonn. Dopo gli studi musicali, ha proseguito gli studi di medicina all&#8217;Universit\u00e0 di Bonn. Oggi \u00e8 primario della Clinica di Salute Mentale dell&#8217;Ospedale Evangelico di Gelsenkirchen ed \u00e8 esaminatore per diverse associazioni mediche tedesche.<br \/>\nNel 2009 ha fondato l&#8217;Istituto Peter Ostwald per la salute dei musicisti presso l&#8217;Universit\u00e0 della Musica di Colonia. Ha inoltre fondato il \u201cNetzwerk Musikermedizin Nordrhein\u201d, un&#8217;associazione di terapisti e medici provenienti da un&#8217;ampia gamma di specializzazioni. In qualit\u00e0 di membro fondatore della \u201cSociet\u00e0 tedesca per la fisiologia musicale e la medicina dei musicisti\u201d, da molti anni si occupa dell&#8217;interfaccia tra arti dello spettacolo, educazione musicale e medicina. Insieme ai suoi colleghi, persegue un ulteriore sviluppo orientato alle risorse di questa disciplina ancora giovane all&#8217;interno della societ\u00e0 specializzata.<br \/>\nCome autore, Abilaard si occupa di approcci alla resilienza e alla dignit\u00e0 in psicoterapia, dell&#8217;importanza della psicoterapia non verbale e dell&#8217;educazione musicale che rafforza l&#8217;ego.<br \/>\nPer saperne di pi\u00f9 sulla Giornata nazionale della salute per la musica:<br \/>\n<a href=\"https:\/\/swissmedmusica.ch\/it\/gesundheitstag\/\">swissmedmusica.ch\/gesundheitstag<\/a><\/p>\n","protected":false},"excerpt":{"rendered":"<p>La Germania lo ha premiato per aver curato le vittime della Love Parade di Duisburg. Oggi insegna le basi del fare musica in modo sano a Colonia. Peer Abilgaard \u00e8 presente alla Giornata nazionale della salute musicale a Lucerna il 9 novembre. <\/p>\n","protected":false},"author":1,"featured_media":2048,"comment_status":"closed","ping_status":"closed","sticky":false,"template":"","format":"standard","meta":{"footnotes":""},"categories":[36],"tags":[],"class_list":["post-2047","post","type-post","status-publish","format-standard","has-post-thumbnail","hentry","category-gesundheitstag-musik"],"translation":{"provider":"WPGlobus","version":"3.0.5","language":"it","enabled_languages":["de","fr","it","en"],"languages":{"de":{"title":true,"content":true,"excerpt":true},"fr":{"title":true,"content":true,"excerpt":true},"it":{"title":true,"content":true,"excerpt":true},"en":{"title":true,"content":true,"excerpt":true}}},"jetpack_featured_media_url":"https:\/\/swissmedmusica.ch\/wp-content\/uploads\/2024\/05\/Abilaard_SMZ_2406-scaled-e1717042973859.jpg","_links":{"self":[{"href":"https:\/\/swissmedmusica.ch\/it\/wp-json\/wp\/v2\/posts\/2047","targetHints":{"allow":["GET"]}}],"collection":[{"href":"https:\/\/swissmedmusica.ch\/it\/wp-json\/wp\/v2\/posts"}],"about":[{"href":"https:\/\/swissmedmusica.ch\/it\/wp-json\/wp\/v2\/types\/post"}],"author":[{"embeddable":true,"href":"https:\/\/swissmedmusica.ch\/it\/wp-json\/wp\/v2\/users\/1"}],"replies":[{"embeddable":true,"href":"https:\/\/swissmedmusica.ch\/it\/wp-json\/wp\/v2\/comments?post=2047"}],"version-history":[{"count":13,"href":"https:\/\/swissmedmusica.ch\/it\/wp-json\/wp\/v2\/posts\/2047\/revisions"}],"predecessor-version":[{"id":2052,"href":"https:\/\/swissmedmusica.ch\/it\/wp-json\/wp\/v2\/posts\/2047\/revisions\/2052"}],"wp:featuredmedia":[{"embeddable":true,"href":"https:\/\/swissmedmusica.ch\/it\/wp-json\/wp\/v2\/media\/2048"}],"wp:attachment":[{"href":"https:\/\/swissmedmusica.ch\/it\/wp-json\/wp\/v2\/media?parent=2047"}],"wp:term":[{"taxonomy":"category","embeddable":true,"href":"https:\/\/swissmedmusica.ch\/it\/wp-json\/wp\/v2\/categories?post=2047"},{"taxonomy":"post_tag","embeddable":true,"href":"https:\/\/swissmedmusica.ch\/it\/wp-json\/wp\/v2\/tags?post=2047"}],"curies":[{"name":"wp","href":"https:\/\/api.w.org\/{rel}","templated":true}]}}